{"id":106,"date":"2016-03-04T18:33:56","date_gmt":"2016-03-04T23:33:56","guid":{"rendered":"http:\/\/www.cojitambo.gob.ec\/?p=106"},"modified":"2016-03-26T18:17:45","modified_gmt":"2016-03-26T23:17:45","slug":"cojitambo-un-encanto-arqueologico-del-pais","status":"publish","type":"post","link":"https:\/\/www.cojitambo.gob.ec\/?p=106","title":{"rendered":"Cojitambo, un encanto arqueol\u00f3gico del pa\u00eds"},"content":{"rendered":"<h6><em>Una muestra de la destreza y bravura del pueblo ca\u00f1ari es el complejo arqueol\u00f3gico Cojitambo, situado a 3.076 metros de altura sobre el nivel del mar.<\/em><\/h6>\n<hr \/>\n<p>&nbsp;<\/p>\n<h6><a href=\"http:\/\/www.cojitambo.gob.ec\/wp-content\/uploads\/2016\/03\/tiempo1.jpg\" rel=\"attachment wp-att-107\"><img loading=\"lazy\" decoding=\"async\" class=\"alignleft size-medium wp-image-107\" src=\"http:\/\/www.cojitambo.gob.ec\/wp-content\/uploads\/2016\/03\/tiempo1-300x194.jpg\" alt=\"tiempo1\" width=\"300\" height=\"194\" srcset=\"https:\/\/www.cojitambo.gob.ec\/wp-content\/uploads\/2016\/03\/tiempo1-300x194.jpg 300w, https:\/\/www.cojitambo.gob.ec\/wp-content\/uploads\/2016\/03\/tiempo1.jpg 470w\" sizes=\"auto, (max-width: 300px) 100vw, 300px\" \/><\/a>El complejo construido 500 a\u00f1os antes de Cristo fue un centro ceremonial y fuerte militar por su ubicaci\u00f3n estrat\u00e9gica.<\/p>\n<p>A 11 kil\u00f3metros de Azogues se ubica el cerro Cojitambo, palabra que deriva del vocablo quichua Curitambu que significa descanso de oro, que cobija el centro parroquial del mismo nombre. El complejo se levanta sobre la cumbre del cerro adapt\u00e1ndose a las caracter\u00edsticas morfol\u00f3gicas del terreno.<\/h6>\n<p>Las ruinas se encuentran en un punto estrat\u00e9gico porque desde el lugar se observan los cantones Azogues y Bibli\u00e1n de la provincia del Ca\u00f1ar, y parte del cant\u00f3n Cuenca del Azuay. Adem\u00e1s es un sitio ideal para practicar deportes extremos como rapel y escalada.<br \/>\n<a href=\"http:\/\/www.cojitambo.gob.ec\/wp-content\/uploads\/2016\/03\/tiempo2.jpg\" rel=\"attachment wp-att-108\"><img loading=\"lazy\" decoding=\"async\" class=\"alignright size-medium wp-image-108\" src=\"http:\/\/www.cojitambo.gob.ec\/wp-content\/uploads\/2016\/03\/tiempo2-300x194.jpg\" alt=\"tiempo2\" width=\"300\" height=\"194\" srcset=\"https:\/\/www.cojitambo.gob.ec\/wp-content\/uploads\/2016\/03\/tiempo2-300x194.jpg 300w, https:\/\/www.cojitambo.gob.ec\/wp-content\/uploads\/2016\/03\/tiempo2.jpg 470w\" sizes=\"auto, (max-width: 300px) 100vw, 300px\" \/><\/a>Seg\u00fan datos hist\u00f3ricos del Municipio de Azogues, el complejo lo habitaron por mucho tiempo los ca\u00f1aris, que ocuparon gran parte del sur del pa\u00eds, a diferencia de los incas que estuvieron alrededor de 60 a\u00f1os en el sitio hasta la conquista de los espa\u00f1oles.<br \/>\n<strong>\u00a0Origen <\/strong><br \/>\nJuan Diego Urgil\u00e9s, presidente de la Junta Parroquial de Cojitambo, expres\u00f3 que el complejo fue un centro ceremonial donde se agradec\u00eda al Inti o Sol y a la Pachamana o Madre tierra por el cultivo en el campo. Adem\u00e1s, cuando un alto mando fallec\u00eda, tambi\u00e9n se le rend\u00eda culto en el sitio.<br \/>\nUrgil\u00e9s dijo que este era un fuerte militar que se caracterizaba por el Chapanahuasi, lugar donde el jefe de las tropas pernoctaba. Su ubicaci\u00f3n permit\u00eda a los ca\u00f1aris conocer a la distancia si alg\u00fan enemigo se aproximaba a tratar de robar sus tierras.<br \/>\nEste lugar tambi\u00e9n serv\u00eda como sitio de descanso para los chasquis o mensajeros ancestrales.<\/p>\n<p><a href=\"http:\/\/www.cojitambo.gob.ec\/wp-content\/uploads\/2016\/03\/tiempo3.jpg\" rel=\"attachment wp-att-109\"><img loading=\"lazy\" decoding=\"async\" class=\"alignleft size-medium wp-image-109\" src=\"http:\/\/www.cojitambo.gob.ec\/wp-content\/uploads\/2016\/03\/tiempo3-300x194.jpg\" alt=\"tiempo3\" width=\"300\" height=\"194\" srcset=\"https:\/\/www.cojitambo.gob.ec\/wp-content\/uploads\/2016\/03\/tiempo3-300x194.jpg 300w, https:\/\/www.cojitambo.gob.ec\/wp-content\/uploads\/2016\/03\/tiempo3.jpg 470w\" sizes=\"auto, (max-width: 300px) 100vw, 300px\" \/><\/a>Urgil\u00e9s manifest\u00f3 que desde 1994 hasta el 2006 se efectu\u00f3 la restauraci\u00f3n de un 40 por ciento de todos los vestigios que existen en el sitio con el apoyo de la Casa de la Cultura N\u00facleo del Ca\u00f1ar, que guarda varios art\u00edculos como hachas de guerra que se encontraron en el sitio.<br \/>\nAsegur\u00f3 que ahora elaboran un estudio con el Municipio de Azogues y la Universidad Cat\u00f3lica de Cuenca, sede Azogues, para un plan integral del manejo del patrimonio que estar\u00e1 listo en junio. El plan contempla la restauraci\u00f3n del 60 por ciento restante y convertir el complejo en \u201cun producto tur\u00edstico\u201d.<br \/>\n<strong><br \/>\nFestival del Ma\u00edz<\/strong><br \/>\nPor su parte, \u00c1ngel Urgil\u00e9s, vocal de la junta parroquial, indic\u00f3 que desde hace 10 a\u00f1os cada tercera semana de junio se realiza el Festival del Ma\u00edz que surgi\u00f3 con el objetivo de promocionar el complejo arqueol\u00f3gico restaurado. \u201cLleva el nombre de Festival de Ma\u00edz porque Cojitambo es el granero del Austro\u201d.<br \/>\nMencion\u00f3 que la celebraci\u00f3n similar al Inti Raymi o Fiesta del Sol dura tres d\u00edas, el viernes intervienen los establecimientos educativos de las diferentes comunidades de la parroquia, el s\u00e1bado se realiza el concurso del mejor grano del ma\u00edz sus usos y derivados, y la elecci\u00f3n de la Cholita del ma\u00edz.<br \/>\nEl domingo es la presentaci\u00f3n de cada una de las comunidades con sus comparsas, grupos de danza y m\u00fasica que se cierra con un show art\u00edstico internacional. Indic\u00f3 que en los d\u00edas de fiesta se efect\u00faa una feria gastron\u00f3mica en la que se venden productos elaborados con ma\u00edz como tortillas, humitas, entre otros. (BPR) (F)<\/p>\n<p><strong>Azogues.<\/strong><\/p>\n<p>&nbsp;<\/p>\n<p>Fuente: <a href=\"http:\/\/www.eltiempo.com.ec\/noticias-cuenca\/178722-cojitambo-un-encanto-arqueola-gico-del-paa-s\/\" target=\"_blank\">El Tiempo<\/a><\/p>\n","protected":false},"excerpt":{"rendered":"<p>Una muestra de la destreza y bravura del pueblo ca\u00f1ari es el complejo arqueol\u00f3gico Cojitambo, situado a 3.076 metros de altura sobre el nivel del mar. &nbsp; El complejo construido 500 a\u00f1os antes de Cristo fue un centro ceremonial y fuerte militar por su ubicaci\u00f3n estrat\u00e9gica. A 11 kil\u00f3metros de Azogues se ubica el cerro [&hellip;]<\/p>\n","protected":false},"author":1,"featured_media":107,"comment_status":"open","ping_status":"open","sticky":false,"template":"","format":"standard","meta":{"footnotes":""},"categories":[21],"tags":[],"class_list":["post-106","post","type-post","status-publish","format-standard","has-post-thumbnail","hentry","category-institucionales-y-parroquiales"],"_links":{"self":[{"href":"https:\/\/www.cojitambo.gob.ec\/index.php?rest_route=\/wp\/v2\/posts\/106","targetHints":{"allow":["GET"]}}],"collection":[{"href":"https:\/\/www.cojitambo.gob.ec\/index.php?rest_route=\/wp\/v2\/posts"}],"about":[{"href":"https:\/\/www.cojitambo.gob.ec\/index.php?rest_route=\/wp\/v2\/types\/post"}],"author":[{"embeddable":true,"href":"https:\/\/www.cojitambo.gob.ec\/index.php?rest_route=\/wp\/v2\/users\/1"}],"replies":[{"embeddable":true,"href":"https:\/\/www.cojitambo.gob.ec\/index.php?rest_route=%2Fwp%2Fv2%2Fcomments&post=106"}],"version-history":[{"count":1,"href":"https:\/\/www.cojitambo.gob.ec\/index.php?rest_route=\/wp\/v2\/posts\/106\/revisions"}],"predecessor-version":[{"id":110,"href":"https:\/\/www.cojitambo.gob.ec\/index.php?rest_route=\/wp\/v2\/posts\/106\/revisions\/110"}],"wp:featuredmedia":[{"embeddable":true,"href":"https:\/\/www.cojitambo.gob.ec\/index.php?rest_route=\/wp\/v2\/media\/107"}],"wp:attachment":[{"href":"https:\/\/www.cojitambo.gob.ec\/index.php?rest_route=%2Fwp%2Fv2%2Fmedia&parent=106"}],"wp:term":[{"taxonomy":"category","embeddable":true,"href":"https:\/\/www.cojitambo.gob.ec\/index.php?rest_route=%2Fwp%2Fv2%2Fcategories&post=106"},{"taxonomy":"post_tag","embeddable":true,"href":"https:\/\/www.cojitambo.gob.ec\/index.php?rest_route=%2Fwp%2Fv2%2Ftags&post=106"}],"curies":[{"name":"wp","href":"https:\/\/api.w.org\/{rel}","templated":true}]}}