{"id":157,"date":"2016-02-23T18:21:33","date_gmt":"2016-02-23T23:21:33","guid":{"rendered":"http:\/\/www.cojitambo.gob.ec\/?p=157"},"modified":"2016-03-26T18:23:35","modified_gmt":"2016-03-26T23:23:35","slug":"existe-retraso-momentaneo-en-asignaciones-a-gad-dice-paola-pabon","status":"publish","type":"post","link":"https:\/\/www.cojitambo.gob.ec\/?p=157","title":{"rendered":"Existe \u00abretraso moment\u00e1neo\u00bb en asignaciones a GAD, dice Paola Pab\u00f3n"},"content":{"rendered":"<div class=\"field field-name-body field-type-text-with-summary field-label-hidden\">\n<div class=\"field-items\">\n<div class=\"field-item even\">\n<p><a href=\"http:\/\/www.cojitambo.gob.ec\/wp-content\/uploads\/2016\/03\/Paola-Pabon.jpg\" rel=\"attachment wp-att-158\"><img loading=\"lazy\" decoding=\"async\" class=\"alignleft size-medium wp-image-158\" src=\"http:\/\/www.cojitambo.gob.ec\/wp-content\/uploads\/2016\/03\/Paola-Pabon-300x200.jpg\" alt=\"Paola-Pabon\" width=\"300\" height=\"200\" \/><\/a>La secretaria nacional de Gesti\u00f3n Pol\u00edtica, Paola Pab\u00f3n, asegur\u00f3 esta ma\u00f1ana que existe un \u00abretraso moment\u00e1neo\u00bb en las asignaciones a los Gobiernos Aut\u00f3nomos Descentralizados (GAD); adem\u00e1s, indic\u00f3 que ya fueron transferidos los recursos de diciembre y que solo se adeudar\u00eda enero.<\/p>\n<p>Pab\u00f3n se\u00f1al\u00f3 que dicho atraso se debe a la falta de liquidez del cierre del a\u00f1o anterior; sin embargo, \u00abel tema ha sido mal manejado por los sectores de oposici\u00f3n, al decir que el Gobierno no est\u00e1 cumpliendo con los compromisos\u00bb.<\/p>\n<p>La funcionaria compar\u00f3 el retraso, al que calific\u00f3 de \u00abmoment\u00e1neo\u00bb, con el ocurrido durante la administraci\u00f3n del presidente Jamil Mahuad (1998-2002), cuando las asignaciones de diciembre de 1999 se entregaron en julio del 2000, lo que consider\u00f3 como \u00abun gran retraso\u00bb.<\/p>\n<p>Pab\u00f3n se reuni\u00f3 el lunes con los prefectos que conforman el comit\u00e9 directivo del Consorcio de Gobiernos Provinciales del Ecuador (Congope), lo que consider\u00f3 fruct\u00edfero, y en el que se realiz\u00f3 una revisi\u00f3n de todo el modelo de descentralizaci\u00f3n, e inclusive hubo propuestas de enmienda, dijo.<\/p>\n<p>La secretaria de Gesti\u00f3n Pol\u00edtica indic\u00f3 al noticiero de Ecuavisa que en 2015 el gobierno recibi\u00f3 cero d\u00f3lares de ingresos petroleros, con un d\u00e9ficit de $ 1.500 millones, y que a pesar de eso se cumpli\u00f3 con el barril presupuestado para los GAD, que equivale al 10%. (I)<\/p>\n<p>Fuente: <a href=\"http:\/\/www.eluniverso.com\/noticias\/2016\/02\/23\/nota\/5423292\/existe-retraso-momentaneo-asignaciones-gads-dice-paola-pabon\" target=\"_blank\">El Universo<\/a><\/p>\n<\/div>\n<\/div>\n<\/div>\n","protected":false},"excerpt":{"rendered":"<p>La secretaria nacional de Gesti\u00f3n Pol\u00edtica, Paola Pab\u00f3n, asegur\u00f3 esta ma\u00f1ana que existe un \u00abretraso moment\u00e1neo\u00bb en las asignaciones a los Gobiernos Aut\u00f3nomos Descentralizados (GAD); adem\u00e1s, indic\u00f3 que ya fueron transferidos los recursos de diciembre y que solo se adeudar\u00eda enero. Pab\u00f3n se\u00f1al\u00f3 que dicho atraso se debe a la falta de liquidez del cierre [&hellip;]<\/p>\n","protected":false},"author":1,"featured_media":0,"comment_status":"open","ping_status":"open","sticky":false,"template":"","format":"standard","meta":{"footnotes":""},"categories":[22],"tags":[],"class_list":["post-157","post","type-post","status-publish","format-standard","hentry","category-nacionales-e-internacionales"],"_links":{"self":[{"href":"https:\/\/www.cojitambo.gob.ec\/index.php?rest_route=\/wp\/v2\/posts\/157","targetHints":{"allow":["GET"]}}],"collection":[{"href":"https:\/\/www.cojitambo.gob.ec\/index.php?rest_route=\/wp\/v2\/posts"}],"about":[{"href":"https:\/\/www.cojitambo.gob.ec\/index.php?rest_route=\/wp\/v2\/types\/post"}],"author":[{"embeddable":true,"href":"https:\/\/www.cojitambo.gob.ec\/index.php?rest_route=\/wp\/v2\/users\/1"}],"replies":[{"embeddable":true,"href":"https:\/\/www.cojitambo.gob.ec\/index.php?rest_route=%2Fwp%2Fv2%2Fcomments&post=157"}],"version-history":[{"count":1,"href":"https:\/\/www.cojitambo.gob.ec\/index.php?rest_route=\/wp\/v2\/posts\/157\/revisions"}],"predecessor-version":[{"id":159,"href":"https:\/\/www.cojitambo.gob.ec\/index.php?rest_route=\/wp\/v2\/posts\/157\/revisions\/159"}],"wp:attachment":[{"href":"https:\/\/www.cojitambo.gob.ec\/index.php?rest_route=%2Fwp%2Fv2%2Fmedia&parent=157"}],"wp:term":[{"taxonomy":"category","embeddable":true,"href":"https:\/\/www.cojitambo.gob.ec\/index.php?rest_route=%2Fwp%2Fv2%2Fcategories&post=157"},{"taxonomy":"post_tag","embeddable":true,"href":"https:\/\/www.cojitambo.gob.ec\/index.php?rest_route=%2Fwp%2Fv2%2Ftags&post=157"}],"curies":[{"name":"wp","href":"https:\/\/api.w.org\/{rel}","templated":true}]}}