{"id":160,"date":"2014-07-29T18:23:52","date_gmt":"2014-07-29T23:23:52","guid":{"rendered":"http:\/\/www.cojitambo.gob.ec\/?p=160"},"modified":"2016-03-26T18:25:34","modified_gmt":"2016-03-26T23:25:34","slug":"oficialismo-copa-directivas-de-los-gremios-de-los-gad","status":"publish","type":"post","link":"https:\/\/www.cojitambo.gob.ec\/?p=160","title":{"rendered":"Oficialismo copa directivas de los gremios de los GAD"},"content":{"rendered":"<div class=\"field field-name-body field-type-text-with-summary field-label-hidden\">\n<div class=\"field-items\">\n<div class=\"field-item even\">\n<p><a href=\"http:\/\/www.cojitambo.gob.ec\/wp-content\/uploads\/2016\/03\/pr02c290714photo01.jpg\" rel=\"attachment wp-att-161\"><img loading=\"lazy\" decoding=\"async\" class=\"alignleft size-medium wp-image-161\" src=\"http:\/\/www.cojitambo.gob.ec\/wp-content\/uploads\/2016\/03\/pr02c290714photo01-300x188.jpg\" alt=\"pr02c290714photo01\" width=\"300\" height=\"188\" \/><\/a>El Consejo Nacional de Gobiernos Parroquiales Rurales del Ecuador (Conagopare) designar\u00e1 este jueves a su nuevo presidente, una vez que concluy\u00f3 la renovaci\u00f3n de sus 24 representantes provinciales.<\/p>\n<p>Para dicho cargo suena el nombre de Bol\u00edvar Armijos, presidente de la Conagopare de Esmeraldas y militante de Alianza PAIS (AP). Hasta ayer su candidatura era la \u00fanica mocionada y esta fue respaldada por 20 de 24 presidentes provinciales del grupo, informaron fuentes del gremio.<\/p>\n<p>Con esta designaci\u00f3n se completar\u00eda la elecci\u00f3n de los representantes de los tres gremios que agrupan a los Gobiernos Aut\u00f3nomos Descentralizados (GAD) y que quedar\u00edan en manos del oficialismo.<\/p>\n<p>Gustavo Baroja (AP), prefecto de Pichincha; y Daniel Avecillas (AP), alcalde de Yaguachi, fueron designados hace poco como presidentes del Consorcio de Gobiernos Provinciales del Ecuador (Congope) y la Asociaci\u00f3n de Municipalidades del Ecuador (AME), respectivamente.<\/p>\n<p>Para los dirigentes oficialistas la denominaci\u00f3n de dignatarios de AP no significar\u00e1 que los gremios \u201ctrabajen a favor\u201d de las autoridades que pertenezcan a una l\u00ednea espec\u00edfica, sino que ser\u00e1n de \u201cpuertas abiertas\u201d.<\/p>\n<p>Baroja d\u00edas atr\u00e1s se\u00f1al\u00f3 que bajo su tutela la Congope defender\u00e1 a los 23 prefectos provinciales con un compromiso \u201ccoordinado y articulado\u201d.<\/p>\n<p>De su parte, Armijos refiri\u00f3 ayer que recorri\u00f3 la mayor\u00eda de las provincias para hacer acercamientos y conocer la realidad de cada comunidad y se\u00f1al\u00f3 que ha recibido respaldo de coidearios de distintas tendencias y de la poblaci\u00f3n.<\/p>\n<p>Dignatarios consultados de grupos opositores al r\u00e9gimen dijeron que esperan que los tres gremios no se conviertan en una vitrina pol\u00edtica, sino que trabajen por \u201cel bien com\u00fan\u201d.<\/p>\n<p>\u201cNo debe existir enemistad por temas pol\u00edticos en los gremios, debe haber uni\u00f3n para lograr el desarrollo nacional\u201d, anot\u00f3 Amadeo Pacheco (PRE), alcalde de La Troncal.<\/p>\n<p>Fuente: <a href=\"http:\/\/www.eluniverso.com\/noticias\/2014\/07\/29\/nota\/3292571\/oficialismo-copa-directivas-gremios-gad\" target=\"_blank\">El Unvierso<\/a><\/p>\n<\/div>\n<\/div>\n<\/div>\n","protected":false},"excerpt":{"rendered":"<p>El Consejo Nacional de Gobiernos Parroquiales Rurales del Ecuador (Conagopare) designar\u00e1 este jueves a su nuevo presidente, una vez que concluy\u00f3 la renovaci\u00f3n de sus 24 representantes provinciales. Para dicho cargo suena el nombre de Bol\u00edvar Armijos, presidente de la Conagopare de Esmeraldas y militante de Alianza PAIS (AP). Hasta ayer su candidatura era la [&hellip;]<\/p>\n","protected":false},"author":1,"featured_media":0,"comment_status":"open","ping_status":"open","sticky":false,"template":"","format":"standard","meta":{"footnotes":""},"categories":[22],"tags":[],"class_list":["post-160","post","type-post","status-publish","format-standard","hentry","category-nacionales-e-internacionales"],"_links":{"self":[{"href":"https:\/\/www.cojitambo.gob.ec\/index.php?rest_route=\/wp\/v2\/posts\/160","targetHints":{"allow":["GET"]}}],"collection":[{"href":"https:\/\/www.cojitambo.gob.ec\/index.php?rest_route=\/wp\/v2\/posts"}],"about":[{"href":"https:\/\/www.cojitambo.gob.ec\/index.php?rest_route=\/wp\/v2\/types\/post"}],"author":[{"embeddable":true,"href":"https:\/\/www.cojitambo.gob.ec\/index.php?rest_route=\/wp\/v2\/users\/1"}],"replies":[{"embeddable":true,"href":"https:\/\/www.cojitambo.gob.ec\/index.php?rest_route=%2Fwp%2Fv2%2Fcomments&post=160"}],"version-history":[{"count":1,"href":"https:\/\/www.cojitambo.gob.ec\/index.php?rest_route=\/wp\/v2\/posts\/160\/revisions"}],"predecessor-version":[{"id":162,"href":"https:\/\/www.cojitambo.gob.ec\/index.php?rest_route=\/wp\/v2\/posts\/160\/revisions\/162"}],"wp:attachment":[{"href":"https:\/\/www.cojitambo.gob.ec\/index.php?rest_route=%2Fwp%2Fv2%2Fmedia&parent=160"}],"wp:term":[{"taxonomy":"category","embeddable":true,"href":"https:\/\/www.cojitambo.gob.ec\/index.php?rest_route=%2Fwp%2Fv2%2Fcategories&post=160"},{"taxonomy":"post_tag","embeddable":true,"href":"https:\/\/www.cojitambo.gob.ec\/index.php?rest_route=%2Fwp%2Fv2%2Ftags&post=160"}],"curies":[{"name":"wp","href":"https:\/\/api.w.org\/{rel}","templated":true}]}}