{"id":163,"date":"2014-10-14T18:25:56","date_gmt":"2014-10-14T23:25:56","guid":{"rendered":"http:\/\/www.cojitambo.gob.ec\/?p=163"},"modified":"2016-03-26T18:27:30","modified_gmt":"2016-03-26T23:27:30","slug":"juntas-parroquiales-plantean-reforma-para-elegir-prefecto","status":"publish","type":"post","link":"https:\/\/www.cojitambo.gob.ec\/?p=163","title":{"rendered":"Juntas parroquiales plantean reforma para elegir prefecto"},"content":{"rendered":"<div class=\"field field-name-body field-type-text-with-summary field-label-hidden\">\n<div class=\"field-items\">\n<div class=\"field-item even\">\n<p><a href=\"http:\/\/www.cojitambo.gob.ec\/wp-content\/uploads\/2016\/03\/pr03g141014photo01.jpg\" rel=\"attachment wp-att-164\"><img loading=\"lazy\" decoding=\"async\" class=\"alignleft size-medium wp-image-164\" src=\"http:\/\/www.cojitambo.gob.ec\/wp-content\/uploads\/2016\/03\/pr03g141014photo01-300x168.jpg\" alt=\"pr03g141014photo01\" width=\"300\" height=\"168\" \/><\/a>Que los prefectos sean electos solamente por la poblaci\u00f3n rural en comicios seccionales para que \u201cest\u00e9n m\u00e1s comprometidos\u201d con el cumplimiento de las competencias hacia este sector es la propuesta de reforma constitucional que los gobiernos parroquiales plantear\u00e1n en la Asamblea.<\/p>\n<p>El oficialista Bol\u00edvar Armijos, presidente del Consejo Nacional de Gobiernos Parroquiales Rurales del Ecuador (Conagopare), refiri\u00f3 que la propuesta surgi\u00f3 hace un mes, tras una reuni\u00f3n en la que participaron los presidentes de las 24 juntas parroquiales provinciales.<\/p>\n<p>Explic\u00f3 que el pedido de reforma es porque consideran que el trabajo de la Prefectura es \u201cexclusivamente en el sector rural\u201d, en \u00e1reas como el riego, producci\u00f3n agr\u00edcola y mejoramiento de caminos vecinales.<\/p>\n<p>Se\u00f1al\u00f3 que a las juntas parroquiales les preocupa que desde las prefecturas se los mire en \u201cun segundo plano\u201d porque hay obras, dijo, que se efect\u00faan en las ciudades, con el prop\u00f3sito de captar electores.<\/p>\n<p>El dirigente agreg\u00f3 que hoy la Conagopare tiene previsto reunirse para definir el d\u00eda en que asistir\u00e1n al Legislativo. No obstante, adelant\u00f3 que se prev\u00e9 que acudan en un plazo no mayor a 40 d\u00edas.<\/p>\n<p>Tambi\u00e9n pondr\u00e1n fecha para realizar en Quito una marcha de respaldo a las reformas constitucionales que plantea el presidente Rafael Correa.<\/p>\n<p>El prefecto de Guayas, Jimmy Jairala (CD-AP), indic\u00f3 que si se da paso a la reforma, se deber\u00eda cambiar la integraci\u00f3n del pleno del Consejo Provincial, sin la presencia de los alcaldes o sus delegados.<\/p>\n<p>Pero aclar\u00f3 que una reforma de esa naturaleza restar\u00eda \u201clegitimidad\u201d al cargo, pues \u201cse reducir\u00eda a atender en Guayas a solo 29 juntas parroquiales que a breves rasgos representan el 15% de la poblaci\u00f3n\u201d.<\/p>\n<p>Asamble\u00edstas consultados aseguraron que esperan conocer el planteamiento para referirse al tema.<\/p>\n<p>Fuente: <a href=\"http:\/\/www.eluniverso.com\/noticias\/2014\/10\/14\/nota\/4102831\/juntas-parroquiales-plantean-reforma-elegir-prefecto\" target=\"_blank\">El Universo<\/a><\/p>\n<\/div>\n<\/div>\n<\/div>\n","protected":false},"excerpt":{"rendered":"<p>Que los prefectos sean electos solamente por la poblaci\u00f3n rural en comicios seccionales para que \u201cest\u00e9n m\u00e1s comprometidos\u201d con el cumplimiento de las competencias hacia este sector es la propuesta de reforma constitucional que los gobiernos parroquiales plantear\u00e1n en la Asamblea. El oficialista Bol\u00edvar Armijos, presidente del Consejo Nacional de Gobiernos Parroquiales Rurales del Ecuador [&hellip;]<\/p>\n","protected":false},"author":1,"featured_media":0,"comment_status":"open","ping_status":"open","sticky":false,"template":"","format":"standard","meta":{"footnotes":""},"categories":[22],"tags":[],"class_list":["post-163","post","type-post","status-publish","format-standard","hentry","category-nacionales-e-internacionales"],"_links":{"self":[{"href":"https:\/\/www.cojitambo.gob.ec\/index.php?rest_route=\/wp\/v2\/posts\/163","targetHints":{"allow":["GET"]}}],"collection":[{"href":"https:\/\/www.cojitambo.gob.ec\/index.php?rest_route=\/wp\/v2\/posts"}],"about":[{"href":"https:\/\/www.cojitambo.gob.ec\/index.php?rest_route=\/wp\/v2\/types\/post"}],"author":[{"embeddable":true,"href":"https:\/\/www.cojitambo.gob.ec\/index.php?rest_route=\/wp\/v2\/users\/1"}],"replies":[{"embeddable":true,"href":"https:\/\/www.cojitambo.gob.ec\/index.php?rest_route=%2Fwp%2Fv2%2Fcomments&post=163"}],"version-history":[{"count":1,"href":"https:\/\/www.cojitambo.gob.ec\/index.php?rest_route=\/wp\/v2\/posts\/163\/revisions"}],"predecessor-version":[{"id":165,"href":"https:\/\/www.cojitambo.gob.ec\/index.php?rest_route=\/wp\/v2\/posts\/163\/revisions\/165"}],"wp:attachment":[{"href":"https:\/\/www.cojitambo.gob.ec\/index.php?rest_route=%2Fwp%2Fv2%2Fmedia&parent=163"}],"wp:term":[{"taxonomy":"category","embeddable":true,"href":"https:\/\/www.cojitambo.gob.ec\/index.php?rest_route=%2Fwp%2Fv2%2Fcategories&post=163"},{"taxonomy":"post_tag","embeddable":true,"href":"https:\/\/www.cojitambo.gob.ec\/index.php?rest_route=%2Fwp%2Fv2%2Ftags&post=163"}],"curies":[{"name":"wp","href":"https:\/\/api.w.org\/{rel}","templated":true}]}}